{"id":110,"date":"2008-02-24T14:59:56","date_gmt":"2008-02-24T13:59:56","guid":{"rendered":"http:\/\/besson.damien.free.fr\/?p=28"},"modified":"2008-02-24T14:59:56","modified_gmt":"2008-02-24T13:59:56","slug":"une-loi-liberticide-issue-du-troisieme-reich","status":"publish","type":"post","link":"https:\/\/www.besson-net.info\/blog\/une-loi-liberticide-issue-du-troisieme-reich\/","title":{"rendered":"Une loi liberticide issue du troisi\u00e8me Reich&#8230;"},"content":{"rendered":"<p align=\"justify\">L&rsquo;UMP propose une mesure qui s&rsquo;appelle la r\u00e9tention de s\u00fbret\u00e9. Elle vise \u00e0 enfermer les d\u00e9tenus qui sortent de prison dans des centres de r\u00e9tention s&rsquo;ils sont (arbitrairement) jug\u00e9s dangereux. Est-il utile de pr\u00e9ciser que cette loi place la s\u00fbret\u00e9 au dessus de la libert\u00e9 et qu&rsquo;elle viole de ce fait la hierarchie \u00e9tablie par l&rsquo;article 2 de la D\u00e9claration des Droits de l&rsquo;Homme et du Citoyen? Afin de se justifier, l&rsquo;UMP souligne que cette mesure est d\u00e9j\u00e0 en place dans des pays europ\u00e9ens et d\u00e9mocratiques et notamment l&rsquo;Allemagne. Mais il est bon d&rsquo;aller un peu plus loin dans l&rsquo;analyse.<\/p>\n<p align=\"justify\">En effet, la mesure de \u00ab\u00a0d\u00e9tention de s\u00fbret\u00e9\u00a0\u00bb a \u00e9t\u00e9 introduite dans le Code p\u00e9nal allemand en 1933, sous la R\u00e9publique de Weimar, comme le souligne un d\u00e9put\u00e9 UMP. Il faut cependant savoir (comme l&rsquo;a rappel\u00e9 le Canard encha\u00een\u00e9) que le signataire de cette loi n&rsquo;est autre qu&rsquo;un certain Adolphe Hitler!!! A cette \u00e9poque, on parle d\u00e9j\u00e0 de \u00ab\u00a0r\u00e9tention de s\u00fbret\u00e9\u00a0\u00bb apr\u00e8s la peine si \u00ab\u00a0la s\u00e9curit\u00e9 publique l&rsquo;exige\u00a0\u00bb.<\/p>\n<p align=\"justify\">Et \u00e7a choque qui?<\/p>\n","protected":false},"excerpt":{"rendered":"<p>L&rsquo;UMP propose une mesure qui s&rsquo;appelle la r\u00e9tention de s\u00fbret\u00e9.<span class=\"more-button\"><a href=\"https:\/\/www.besson-net.info\/blog\/une-loi-liberticide-issue-du-troisieme-reich\/\" class=\"more-link\">Continue reading<span class=\"screen-reader-text\">Une loi liberticide issue du troisi\u00e8me Reich&#8230;<\/span><\/a><\/span><\/p>\n","protected":false},"author":2,"featured_media":0,"comment_status":"open","ping_status":"open","sticky":false,"template":"","format":"standard","meta":{"footnotes":""},"categories":[7,12,18],"tags":[35,74,107],"class_list":["post-110","post","type-post","status-publish","format-standard","hentry","category-coup-de-gueule","category-le-saviez-vous","category-politique","tag-coup-de-gueule","tag-le-saviez-vous","tag-politique"],"_links":{"self":[{"href":"https:\/\/www.besson-net.info\/blog\/wp-json\/wp\/v2\/posts\/110","targetHints":{"allow":["GET"]}}],"collection":[{"href":"https:\/\/www.besson-net.info\/blog\/wp-json\/wp\/v2\/posts"}],"about":[{"href":"https:\/\/www.besson-net.info\/blog\/wp-json\/wp\/v2\/types\/post"}],"author":[{"embeddable":true,"href":"https:\/\/www.besson-net.info\/blog\/wp-json\/wp\/v2\/users\/2"}],"replies":[{"embeddable":true,"href":"https:\/\/www.besson-net.info\/blog\/wp-json\/wp\/v2\/comments?post=110"}],"version-history":[{"count":0,"href":"https:\/\/www.besson-net.info\/blog\/wp-json\/wp\/v2\/posts\/110\/revisions"}],"wp:attachment":[{"href":"https:\/\/www.besson-net.info\/blog\/wp-json\/wp\/v2\/media?parent=110"}],"wp:term":[{"taxonomy":"category","embeddable":true,"href":"https:\/\/www.besson-net.info\/blog\/wp-json\/wp\/v2\/categories?post=110"},{"taxonomy":"post_tag","embeddable":true,"href":"https:\/\/www.besson-net.info\/blog\/wp-json\/wp\/v2\/tags?post=110"}],"curies":[{"name":"wp","href":"https:\/\/api.w.org\/{rel}","templated":true}]}}