{"id":113,"date":"2008-03-08T14:54:08","date_gmt":"2008-03-08T13:54:08","guid":{"rendered":"http:\/\/besson.damien.free.fr\/?p=31"},"modified":"2008-03-08T14:54:08","modified_gmt":"2008-03-08T13:54:08","slug":"que-reste-t-il-des-idees-de-marx","status":"publish","type":"post","link":"https:\/\/www.besson-net.info\/blog\/que-reste-t-il-des-idees-de-marx\/","title":{"rendered":"Que reste-t-il des id\u00e9es de Marx?"},"content":{"rendered":"<p align=\"justify\">Voici le th\u00e8me d&rsquo;une conf\u00e9rence donn\u00e9e par Yvon Quiniou, \u00e0 Angers le 5 mars 2008, et \u00e0 laquelle j&rsquo;ai eu la chance d&rsquo;assister. Est-ce un hasard du calendrier ou une volont\u00e9, je ne sais pas, toujours est-il que cette date correspond au jour de l&rsquo;anniversaire de la mort de Staline, il y a 55 ans.<\/p>\n<p align=\"justify\">Yvon Quiniou est un philosophe qui n&rsquo;a de cesse de partager son temps entre l&rsquo;enseignement, la r\u00e9flexion philosophique et l&rsquo;engagement politique. Il a toujours revendiqu\u00e9 des convictions communistes et il collabore d&rsquo;ailleurs occasionnellement avec l&rsquo;Humanit\u00e9. Son travail philosophique se r\u00e9clame du mat\u00e9rialisme et entend \u00e9tablir une th\u00e9orie de la morale dans ce cadre. Il cherche \u00e9galement \u00e0 \u00e9tendre cette th\u00e9orie \u00e0 la politique.<\/p>\n<p align=\"justify\">J&rsquo;ai essay\u00e9 de faire un petit compte rendu de ses propos que vous pourrez trouver au format PDF en <a href=\"http:\/\/besson.damien.free.fr\/Documents\/Conf%c3%a9rence%20Yvon%20Quiniou%20sur%20le%20marxisme.pdf\" title=\"R\u00e9sum\u00e9 de la conf\u00e9rence d'Yvon Quiniou (PDF)\" target=\"_blank\"><font color=\"#2aabab\"><strong>cliquant ici.<\/strong><\/font><\/a> Il s&rsquo;agit d&rsquo;une restitution tout \u00e0 fait personnelle qui correspond \u00e0 ma propre interpr\u00e9tation de son expos\u00e9. J&rsquo;attends vos commentaires avec impatience et je vous souhaite une bonne lecture! N&rsquo;h\u00e9sitez pas non plus \u00e0 lancer un d\u00e9bat sur le forum! \ud83d\ude42 <\/p>\n<p><u><strong>Nouveaut\u00e9 :<\/strong><\/u><br \/>\nPour ceux qui souhaitent lire une version PDF \u00e9dit\u00e9e avec LaTeX de ce document, vous la trouverez en <a href=\"http:\/\/besson.damien.free.fr\/Documents\/Conf%c3%a9rence%20Yvon%20Quiniou%20sur%20le%20marxisme(version%20LaTeX).pdf\"  target=\"_blank\" title=\"R\u00e9sum\u00e9 de la conf\u00e9rence d'Yvon Quiniou en version propre.\"><font color=\"#2aabab\"><strong>cliquant ici.<\/strong><\/font><\/a> Cette version est plus propre que la pr\u00e9c\u00e9dente.<\/p>\n","protected":false},"excerpt":{"rendered":"<p>Voici le th\u00e8me d&rsquo;une conf\u00e9rence donn\u00e9e par Yvon Quiniou, \u00e0<span class=\"more-button\"><a href=\"https:\/\/www.besson-net.info\/blog\/que-reste-t-il-des-idees-de-marx\/\" class=\"more-link\">Continue reading<span class=\"screen-reader-text\">Que reste-t-il des id\u00e9es de Marx?<\/span><\/a><\/span><\/p>\n","protected":false},"author":2,"featured_media":0,"comment_status":"open","ping_status":"open","sticky":false,"template":"","format":"standard","meta":{"footnotes":""},"categories":[15],"tags":[84],"class_list":["post-113","post","type-post","status-publish","format-standard","hentry","category-marxisme","tag-marxisme"],"_links":{"self":[{"href":"https:\/\/www.besson-net.info\/blog\/wp-json\/wp\/v2\/posts\/113","targetHints":{"allow":["GET"]}}],"collection":[{"href":"https:\/\/www.besson-net.info\/blog\/wp-json\/wp\/v2\/posts"}],"about":[{"href":"https:\/\/www.besson-net.info\/blog\/wp-json\/wp\/v2\/types\/post"}],"author":[{"embeddable":true,"href":"https:\/\/www.besson-net.info\/blog\/wp-json\/wp\/v2\/users\/2"}],"replies":[{"embeddable":true,"href":"https:\/\/www.besson-net.info\/blog\/wp-json\/wp\/v2\/comments?post=113"}],"version-history":[{"count":0,"href":"https:\/\/www.besson-net.info\/blog\/wp-json\/wp\/v2\/posts\/113\/revisions"}],"wp:attachment":[{"href":"https:\/\/www.besson-net.info\/blog\/wp-json\/wp\/v2\/media?parent=113"}],"wp:term":[{"taxonomy":"category","embeddable":true,"href":"https:\/\/www.besson-net.info\/blog\/wp-json\/wp\/v2\/categories?post=113"},{"taxonomy":"post_tag","embeddable":true,"href":"https:\/\/www.besson-net.info\/blog\/wp-json\/wp\/v2\/tags?post=113"}],"curies":[{"name":"wp","href":"https:\/\/api.w.org\/{rel}","templated":true}]}}