{"id":33,"date":"2008-03-17T15:47:07","date_gmt":"2008-03-17T14:47:07","guid":{"rendered":"http:\/\/besson.damien.free.fr\/?p=33"},"modified":"2008-03-17T15:47:07","modified_gmt":"2008-03-17T14:47:07","slug":"la-france-a-perdu-son-dernier-poilu","status":"publish","type":"post","link":"https:\/\/www.besson-net.info\/blog\/la-france-a-perdu-son-dernier-poilu\/","title":{"rendered":"La France a perdu son dernier poilu!"},"content":{"rendered":"<p align=\"justify\">Lazare Ponticelli, un h\u00e9ros \u00e0 la modestie d\u00e9mesur\u00e9e, est mort le 12 mars 2008 \u00e0 l&rsquo;\u00e2ge de 110 ans. Il \u00e9tait officiellement le dernier poilu fran\u00e7ais encore vivant, et un grand pacifiste anim\u00e9 par la volont\u00e9 de t\u00e9moigner aupr\u00e8s des jeunes.<\/p>\n<p align=\"justify\">Cet homme est arriv\u00e9 en France \u00e0 neuf ans en 1906, et n&rsquo;a obtenu la nationnalit\u00e9 fran\u00e7aise qu&rsquo;en 1939. Peut-\u00eatre pouvons nous interroger sur la soit-disant n\u00e9cessit\u00e9 de reconduire les sans-papiers dans leur pays que proclame notre gouvernement? Ce d&rsquo;autant plus que Mr Sarkozy, Mme Alliot-Marie, Mr Fillon (et Mr Chirac) \u00e9taient pr\u00e9sent ce matin aux obs\u00e8ques.<\/p>\n<p align=\"justify\">N\u00e9 en Italie, le 7 d\u00e9cembre 1897 sous le nom de Lazaro Ponticelli, il est arriv\u00e9 en France \u00e0 l&rsquo;\u00e2ge de neuf ans. Il voulait fuir la mis\u00e8re de son pays. A dix-sept ans, il s&rsquo;engage dans la l\u00e9gion \u00e9trang\u00e8re. Nous sommes alors en 1914. En mai 1915, il apprend que lui et les autres Italiens engag\u00e9s dans l&rsquo;arm\u00e9e fran\u00e7aise doivent aller se battre sous le drapeau Italien. Il n&rsquo;est revenu en France qu&rsquo;en 1921. Il retiendra de cette guerre : \u00ab\u00a0Vous tirez sur des p\u00e8res de famille, c&rsquo;est compl\u00e8tement idiot la guerre\u00a0\u00bb.<\/p>\n<p align=\"justify\">Il a toujours voulu porter le souvenir de ses camarades morts au front, et il ne cherchait ni la gloire, ni \u00e0 \u00eatre trait\u00e9 comme un h\u00e9ros. Il a finalement accept\u00e9 des obs\u00e8ques nationnales le 24 janvier pour que sa mort soit un hommage \u00e0 toutes celles et tous ceux qui sont morts durant la Grande Guerre.<\/p>\n","protected":false},"excerpt":{"rendered":"<p>Lazare Ponticelli, un h\u00e9ros \u00e0 la modestie d\u00e9mesur\u00e9e, est mort<span class=\"more-button\"><a href=\"https:\/\/www.besson-net.info\/blog\/la-france-a-perdu-son-dernier-poilu\/\" class=\"more-link\">Continue reading<span class=\"screen-reader-text\">La France a perdu son dernier poilu!<\/span><\/a><\/span><\/p>\n","protected":false},"author":2,"featured_media":0,"comment_status":"open","ping_status":"open","sticky":false,"template":"","format":"standard","meta":{"footnotes":""},"categories":[5,12],"tags":[20,74],"class_list":["post-33","post","type-post","status-publish","format-standard","hentry","category-actualite","category-le-saviez-vous","tag-actualite","tag-le-saviez-vous"],"_links":{"self":[{"href":"https:\/\/www.besson-net.info\/blog\/wp-json\/wp\/v2\/posts\/33","targetHints":{"allow":["GET"]}}],"collection":[{"href":"https:\/\/www.besson-net.info\/blog\/wp-json\/wp\/v2\/posts"}],"about":[{"href":"https:\/\/www.besson-net.info\/blog\/wp-json\/wp\/v2\/types\/post"}],"author":[{"embeddable":true,"href":"https:\/\/www.besson-net.info\/blog\/wp-json\/wp\/v2\/users\/2"}],"replies":[{"embeddable":true,"href":"https:\/\/www.besson-net.info\/blog\/wp-json\/wp\/v2\/comments?post=33"}],"version-history":[{"count":0,"href":"https:\/\/www.besson-net.info\/blog\/wp-json\/wp\/v2\/posts\/33\/revisions"}],"wp:attachment":[{"href":"https:\/\/www.besson-net.info\/blog\/wp-json\/wp\/v2\/media?parent=33"}],"wp:term":[{"taxonomy":"category","embeddable":true,"href":"https:\/\/www.besson-net.info\/blog\/wp-json\/wp\/v2\/categories?post=33"},{"taxonomy":"post_tag","embeddable":true,"href":"https:\/\/www.besson-net.info\/blog\/wp-json\/wp\/v2\/tags?post=33"}],"curies":[{"name":"wp","href":"https:\/\/api.w.org\/{rel}","templated":true}]}}