{"id":705,"date":"2009-03-24T21:00:08","date_gmt":"2009-03-24T20:00:08","guid":{"rendered":"http:\/\/besson.damien.free.fr\/?p=705"},"modified":"2009-03-24T21:00:08","modified_gmt":"2009-03-24T20:00:08","slug":"la-coordination-nationale-des-universites-menace-le-gouvernement","status":"publish","type":"post","link":"https:\/\/www.besson-net.info\/blog\/la-coordination-nationale-des-universites-menace-le-gouvernement\/","title":{"rendered":"La Coordination nationale des universit\u00e9s menace le gouvernement"},"content":{"rendered":"<blockquote><p>LEMONDE.FR avec AFP | 23.03.09 | 22h38<\/p><\/blockquote>\n<p>\u00ab\u00a0<em>Val\u00e9rie P\u00e9cresse et Xavier Darcos, qui se sont d\u00e9j\u00e0 disqualifi\u00e9s comme interlocuteurs par le m\u00e9pris qu&rsquo;ils ont manifest\u00e9 \u00e0 notre communaut\u00e9, doivent partir<\/em>\u00ab\u00a0, estime la Coordination nationale des universit\u00e9s (CNU) dans un communiqu\u00e9 adopt\u00e9 lundi 23 mars, en fin de soir\u00e9e. \u00ab\u00a0<em>Mais au-del\u00e0 de ces deux ministres, le gouvernement doit savoir que s&rsquo;il n&rsquo;entend pas notre col\u00e8re, c&rsquo;est sa l\u00e9gitimit\u00e9 m\u00eame qui sera tr\u00e8s bient\u00f4t mise en question<\/em>\u00ab\u00a0, ajoute la CNU.<\/p>\n<p>La Coordination demande au \u00ab\u00a0<em>gouvernement [de] s&rsquo;engager sur l&rsquo;abrogation de la loi LRU et du pacte pour la recherche, avant que l&rsquo;\u00e9tat de d\u00e9sordre actuellement install\u00e9 dans l&rsquo;universit\u00e9 ne soit irr\u00e9versible, avant, tout simplement, qu&rsquo;il ne soit trop tard<\/em>\u00ab\u00a0. Pour sortir de la crise, la CNU rappelle les \u00ab\u00a0<em>conditions incontournables<\/em>\u00a0\u00bb exig\u00e9es : le retrait du d\u00e9cret statutaire, le retrait du d\u00e9cret sur la mast\u00e9risation, le retrait du contrat doctoral unique, l&rsquo;arr\u00eat du d\u00e9mant\u00e8lement des organismes de recherche ainsi que des engagements clairs en mati\u00e8re d&#8217;emploi statutaire.<\/p>\n<p>La CNU affirme qu&rsquo;elle refuse les finalit\u00e9s des r\u00e9formes et de l&rsquo;orientation g\u00e9n\u00e9rale de la politique \u00e9ducative, universitaire et de recherche suivie depuis 2006\/2007, qui entra\u00eenent, selon elle, \u00ab\u00a0<em>la d\u00e9gradation programm\u00e9e des contenus disciplinaires, de la culture g\u00e9n\u00e9rale et des humanit\u00e9s<\/em>\u00ab\u00a0, \u00ab\u00a0<em>la destruction de la fonction publique d&rsquo;Etat dans l&rsquo;enseignement<\/em>\u00a0\u00bb et la lib\u00e9ralisation du march\u00e9 de l&rsquo;enseignement sup\u00e9rieur et de la recherche. \u00ab\u00a0<em>La communaut\u00e9 universitaire mesure parfaitement l&rsquo;importance de ces enjeux et prendra toutes ses responsabilit\u00e9s pour d\u00e9fendre jusqu&rsquo;au bout la tradition de libert\u00e9 dont elle est l&rsquo;h\u00e9riti\u00e8re<\/em>\u00ab\u00a0, affirme la CNU.<\/p>\n<p>Par ailleurs, toujours \u00e0 Strasbourg, entre cent et deux cents \u00e9tudiants de lettres et sciences humaines ont investi, dans la soir\u00e9e, la facult\u00e9 de droit, dont ils ont barricad\u00e9 les issues avec des chaises et des tables. L&rsquo;occupation a \u00e9t\u00e9 vot\u00e9e \u00e0 main lev\u00e9e par six cents voix contre quatre cents, a d\u00e9clar\u00e9 un membre de la coordination \u00e9tudiante, qui s&rsquo;appr\u00eatait \u00e0 passer la nuit sur place avec ses camarades.<\/p>\n","protected":false},"excerpt":{"rendered":"<p>LEMONDE.FR avec AFP | 23.03.09 | 22h38 \u00ab\u00a0Val\u00e9rie P\u00e9cresse et<span class=\"more-button\"><a href=\"https:\/\/www.besson-net.info\/blog\/la-coordination-nationale-des-universites-menace-le-gouvernement\/\" class=\"more-link\">Continue reading<span class=\"screen-reader-text\">La Coordination nationale des universit\u00e9s menace le gouvernement<\/span><\/a><\/span><\/p>\n","protected":false},"author":2,"featured_media":0,"comment_status":"open","ping_status":"open","sticky":false,"template":"","format":"standard","meta":{"footnotes":""},"categories":[5,9,18],"tags":[20,47,91,102,107],"class_list":["post-705","post","type-post","status-publish","format-standard","hentry","category-actualite","category-fac","category-politique","tag-actualite","tag-enseignants-chercheurs","tag-mouvement-etudiant","tag-pecresse","tag-politique"],"_links":{"self":[{"href":"https:\/\/www.besson-net.info\/blog\/wp-json\/wp\/v2\/posts\/705","targetHints":{"allow":["GET"]}}],"collection":[{"href":"https:\/\/www.besson-net.info\/blog\/wp-json\/wp\/v2\/posts"}],"about":[{"href":"https:\/\/www.besson-net.info\/blog\/wp-json\/wp\/v2\/types\/post"}],"author":[{"embeddable":true,"href":"https:\/\/www.besson-net.info\/blog\/wp-json\/wp\/v2\/users\/2"}],"replies":[{"embeddable":true,"href":"https:\/\/www.besson-net.info\/blog\/wp-json\/wp\/v2\/comments?post=705"}],"version-history":[{"count":0,"href":"https:\/\/www.besson-net.info\/blog\/wp-json\/wp\/v2\/posts\/705\/revisions"}],"wp:attachment":[{"href":"https:\/\/www.besson-net.info\/blog\/wp-json\/wp\/v2\/media?parent=705"}],"wp:term":[{"taxonomy":"category","embeddable":true,"href":"https:\/\/www.besson-net.info\/blog\/wp-json\/wp\/v2\/categories?post=705"},{"taxonomy":"post_tag","embeddable":true,"href":"https:\/\/www.besson-net.info\/blog\/wp-json\/wp\/v2\/tags?post=705"}],"curies":[{"name":"wp","href":"https:\/\/api.w.org\/{rel}","templated":true}]}}